{"id":2922,"date":"2016-07-19T09:44:42","date_gmt":"2016-07-19T07:44:42","guid":{"rendered":"http:\/\/www.auto-coaching.fr\/?p=2922"},"modified":"2016-07-19T10:52:10","modified_gmt":"2016-07-19T08:52:10","slug":"debout-les-bienveillants-1-2","status":"publish","type":"post","link":"https:\/\/auto-coaching.fr\/index.php\/debout-les-bienveillants-1-2\/","title":{"rendered":"Debout les bienveillants (1\/2)"},"content":{"rendered":"<p>Le sanglant attentat de ce 14 juillet am\u00e8ne beaucoup de questions. Je pense que vous serez d\u2019accord avec moi\u00a0: continuer \u00e0 agir, \u00e0 commercer, \u00e0 festoyer et \u00e0 positiver dans un tel contexte est une v\u00e9ritable \u00e9preuve. C\u2019est un d\u00e9fi individuel et collectif que je vais vous proposer de relever au plus t\u00f4t gr\u00e2ce aux \u00e9l\u00e9ments de r\u00e9silience contenus dans cet article\u00a0:<\/p>\n<p>Hier matin lors d\u2019un accompagnement-business, la question du terrorisme est apparue naturellement d\u00e8s les premi\u00e8res minutes\u00a0: mon client, tr\u00e8s affect\u00e9 par la tuerie de Nice, avait peur de passer pour un opportuniste en lan\u00e7ant sa publicit\u00e9. Sa campagne a \u00e9t\u00e9 con\u00e7ue et programm\u00e9e avant l\u2019attentat, mais s\u2019agissant de produits s\u00e9curitaires (alarmes et vid\u00e9osurveillance) le lien peut rapidement \u00eatre fait avec l\u2019actualit\u00e9. La question m\u00e9rite donc d\u2019\u00eatre pos\u00e9e\u00a0: le message publicitaire est-il encore d\u00e9cent dans le contexte actuel\u00a0? Ne profite-t-il pas de la situation\u00a0? Faut-il changer quelque chose\u00a0? Faut-il retarder la campagne\u00a0?&#8230;<\/p>\n<p>J\u2019ai expliqu\u00e9 \u00e0 mon client que seules les <strong>bonnes personnes<\/strong> se posaient ce genre de questions. Les malveillants ne procrastinent pas\u00a0! Ce qui nous fait h\u00e9siter et qui nous retarde dans nos actions, ce sont <strong>les valeurs morales qui vont dans le sens de la Vie et du Respect<\/strong>. Les terroristes qui veulent faire dispara\u00eetre ceux qui ne vivent pas selon leur dogme, n\u2019ont aucun probl\u00e8me existentiel\u00a0: ils ob\u00e9issent aveugl\u00e9ment \u00e0 un mode op\u00e9ratoire qu\u2019ils consid\u00e8rent comme \u00abgagnant\u00bb.<\/p>\n<p>Une personne qui a peur d\u2019\u00eatre jug\u00e9e, m\u00eame si elle n\u2019a rien \u00e0 se reprocher, peut-elle survivre face \u00e0 une personne qui ne conna\u00eet pas cette peur\u00a0? Le combat est in\u00e9gal, et sauf \u00e9veil de la Conscience, il est perdu d\u2019avance\u00a0:<\/p>\n<ul>\n<li>J\u2019ai d\u00e9j\u00e0 vu un entrepreneur h\u00e9siter d\u2019ouvrir une boulangerie de peur de faire de l\u2019ombre au boulanger de son enfance, install\u00e9 depuis 25 ans&#8230; Mais je n\u2019ai jamais vu l\u2019ombre d\u2019une h\u00e9sitation chez un mafieux qui a pour vocation de r\u00e9duire \u00e0 n\u00e9ant toute la concurrence\u00a0!<\/li>\n<li>J\u2019ai d\u00e9j\u00e0 vu un entrepreneur tergiverser de peur de s\u2019enrichir pendant que son secteur traverse une crise \u00e9conomique. Mais un opportuniste sans foi ni loi profitera de la crise pour faire fortune et fera son possible pour qu\u2019elle dure.<\/li>\n<\/ul>\n<p>Si cet attentant vous am\u00e8ne \u00e0 vous poser des questions qui ralentissent votre activit\u00e9 ou qui repoussent les \u00e9ch\u00e9ances, vous \u00eates une bonne personne\u00a0! Mais dans un contexte concurrentiel, vous vous laissez distancer par ceux qui agissent en profitant de la situation. <strong>Pourquoi les personnes bienveillantes devraient-elles \u00eatre distanc\u00e9es\u00a0?<\/strong> Je sais que c\u2019est dur \u00e0 entendre pour certains, mais en ces p\u00e9riodes troubles, aller de l\u2019avant est un devoir pour les bienveillants.<\/p>\n<p>Pour tout vous avouer, face \u00e0 la violence de l\u2019attentat, je ne suis pas en reste commercialement parlant : le conte de \u00ab<a href=\"http:\/\/www.auto-coaching.fr\/index.php\/la-princesse-merveilleuse\/\">La Princesse Merveilleuse<\/a>\u00bb (publi\u00e9 jeudi apr\u00e8s-midi) \u00e9tait une \u00abbande-annonce\u00bb. D\u00e8s le lendemain matin, je devais lancer un programme de coaching estival. En apprenant la nouvelle, j\u2019ai tout bloqu\u00e9\u00a0! J\u2019en garde encore un torticolis&#8230;<\/p>\n<p>Le ph\u00e9nom\u00e8ne est tr\u00e8s pr\u00e9sent autour de moi\u00a0: j\u2019ai un ami qui travaille dans la CNV (Communication Non Violente) et qui s\u2019est interrog\u00e9 sur Facebook\u00a0:<\/p>\n<p><em>\u00a0&#8211; Vais-je \u00eatre accus\u00e9 de r\u00e9cup\u00e9rer l\u2019\u00e9v\u00e8nement, si je parlais de CNV\u00a0ces prochains<\/em> jours\u00a0?<\/p>\n<p>Je lui ai imm\u00e9diatement r\u00e9pondu\u00a0:<\/p>\n<p><em>\u00a0&#8211; Il vaut mieux que l\u2019\u00e9v\u00e8nement soit r\u00e9cup\u00e9r\u00e9 par toi que par d\u2019autres&#8230;<\/em><\/p>\n<p>Il m\u2019a chaleureusement remerci\u00e9, car ma r\u00e9ponse l\u2019a aid\u00e9 \u00e0 sortir de son mutisme. Mais c\u2019est \u00e0 moi de le remercier\u00a0: non seulement sa question m\u2019a aid\u00e9 \u00e0 me questionner, mais elle m\u2019a donn\u00e9 des r\u00e9ponses \u00e0 ma propre interrogation. Cet \u00e9change de deux phrases vaut bien un coaching de 2 heures\u00a0!<\/p>\n<p>Debout les bienveillants\u00a0!<\/p>\n<p>A++<\/p>\n<p><strong>St\u00e9phane SOLOMON<\/strong><\/p>\n<!--themify_builder_content-->\n<div id=\"themify_builder_content-2922\" data-postid=\"2922\" class=\"themify_builder_content themify_builder_content-2922 themify_builder tf_clear\">\n    <\/div>\n<!--\/themify_builder_content-->\n","protected":false},"excerpt":{"rendered":"<p>Le sanglant attentat de ce 14 juillet am\u00e8ne beaucoup de questions. Je pense que vous serez d\u2019accord avec moi\u00a0: continuer \u00e0 agir, \u00e0 commercer, \u00e0 festoyer et \u00e0 positiver dans un tel contexte est une v\u00e9ritable \u00e9preuve. C\u2019est un d\u00e9fi individuel et collectif que je vais vous proposer de relever au plus t\u00f4t gr\u00e2ce aux [&hellip;]<\/p>\n","protected":false},"author":1,"featured_media":0,"comment_status":"open","ping_status":"open","sticky":false,"template":"","format":"standard","meta":{"jetpack_publicize_message":"","jetpack_is_tweetstorm":false,"jetpack_publicize_feature_enabled":true,"jetpack_social_options":[]},"categories":[1],"tags":[],"jetpack_publicize_connections":[],"jetpack_featured_media_url":"","builder_content":"","_links":{"self":[{"href":"https:\/\/auto-coaching.fr\/index.php\/wp-json\/wp\/v2\/posts\/2922"}],"collection":[{"href":"https:\/\/auto-coaching.fr\/index.php\/wp-json\/wp\/v2\/posts"}],"about":[{"href":"https:\/\/auto-coaching.fr\/index.php\/wp-json\/wp\/v2\/types\/post"}],"author":[{"embeddable":true,"href":"https:\/\/auto-coaching.fr\/index.php\/wp-json\/wp\/v2\/users\/1"}],"replies":[{"embeddable":true,"href":"https:\/\/auto-coaching.fr\/index.php\/wp-json\/wp\/v2\/comments?post=2922"}],"version-history":[{"count":6,"href":"https:\/\/auto-coaching.fr\/index.php\/wp-json\/wp\/v2\/posts\/2922\/revisions"}],"predecessor-version":[{"id":2928,"href":"https:\/\/auto-coaching.fr\/index.php\/wp-json\/wp\/v2\/posts\/2922\/revisions\/2928"}],"wp:attachment":[{"href":"https:\/\/auto-coaching.fr\/index.php\/wp-json\/wp\/v2\/media?parent=2922"}],"wp:term":[{"taxonomy":"category","embeddable":true,"href":"https:\/\/auto-coaching.fr\/index.php\/wp-json\/wp\/v2\/categories?post=2922"},{"taxonomy":"post_tag","embeddable":true,"href":"https:\/\/auto-coaching.fr\/index.php\/wp-json\/wp\/v2\/tags?post=2922"}],"curies":[{"name":"wp","href":"https:\/\/api.w.org\/{rel}","templated":true}]}}