{"id":3519,"date":"2018-07-01T20:02:33","date_gmt":"2018-07-01T19:02:33","guid":{"rendered":"http:\/\/www.auto-coaching.fr\/?p=3519"},"modified":"2018-07-01T20:59:05","modified_gmt":"2018-07-01T19:59:05","slug":"bella-ciao","status":"publish","type":"post","link":"https:\/\/auto-coaching.fr\/index.php\/bella-ciao\/","title":{"rendered":"Bella Ciao"},"content":{"rendered":"<p>https:\/\/www.youtube.com\/watch?v=Sj_ujhEQy4E<\/p>\n<p>En d\u00e9couvrant \u00abBella ciao\u00bb dans \u00abLa casa de papel\u00bb (une s\u00e9rie espagnole diffus\u00e9e entre autres sur Netflix), je trouve l&#8217;hymne po\u00e9tique et puissant. Un grand moment partag\u00e9 entre les deux fr\u00e8res&#8230; Ca me marque, mais je ne devine pas encore que je vis les pr\u00e9mices de quelque chose d&#8217;\u00e9norme&#8230;<\/p>\n<p>Quelques jours plus tard, ma compagne, Karine, me montre un clip chant\u00e9 par des enfants. La m\u00e9lodie lui pla\u00eet. Je reconnais imm\u00e9diatement la musique, d&#8217;autant plus que les enfants (qui chantent tr\u00e8s bien) portent les masques des braqueurs de la s\u00e9rie.<\/p>\n<p>Mais c\u00f4t\u00e9 paroles, je suis g\u00ean\u00e9&#8230; Aussi, lorsque Karine me demande de r\u00e9aliser moi aussi un clip avec mes filles afin de le diffuser sur notre cha\u00eene Youtube familiale, je me renseigne sur l&#8217;oeuvre pour donner du sens \u00e0 cette mission&#8230;<\/p>\n<p>Je d\u00e9couvre les paroles originales de l&#8217;hymne italien sur wikip\u00e9dia. Il y a deux versions : la premi\u00e8re date des ann\u00e9es 30 et \u00e9voque le dur labeur des saisonni\u00e8res, qui perdaient leur beaut\u00e9 en s&#8217;\u00e9puisant \u00e0 la t\u00e2che&#8230; \u00abCiao Bella\u00bb se termine avec espoir : les mondines savent qu&#8217;un jour, une loi leur permettra de retrouver la libert\u00e9. La deuxi\u00e8me version, la plus connue, est le chant des partisans antifasciste. Ces braves abandonnant leur confort aupr\u00e8s de leurs bien-aim\u00e9es pour servir une cause plus grande qu&#8217;eux, leur chantent \u00abCiao bella\u00bb avec d\u00e9sespoir, devinant que leur engagement est sans retour&#8230;<\/p>\n<p>J&#8217;imagine alors cet hymne enferm\u00e9 dans les c\u0153urs des valeureux qui partent au combat, et je comprends pourquoi les paroles de Ma\u00eetre Gimms me plongent dans l&#8217;affliction. Mes filles ne chanteront pas cette version, c&#8217;est hors de question ! J&#8217;envisage donc de leur apprendre la chanson des partisans en italien. C&#8217;est alors que Karine me propose d&#8217;\u00e9crire ma propre version en fran\u00e7ais&#8230;<\/p>\n<p>Je commence par refuser ! J&#8217;ai beaucoup de travail, je ne veux pas d\u00e9naturer l&#8217;hymne, et blablabla&#8230; Mais pendant que je m&#8217;oppose consciemment \u00e0 cette possibilit\u00e9, mon subconscient fait un tout autre travail : chaque jour je me surprends \u00e0 visionner sur Youtoube de nouvelles versions de la chanson, puis \u00abje me perds\u00bb dans des reportages sur la deuxi\u00e8me guerre mondiale, et des images poignantes viennent provoquer mon esprit cr\u00e9atif.<\/p>\n<p>Un soir, c&#8217;est la f\u00eate \u00e0 la maison : mon fils invite tous ses copains de lyc\u00e9e \u00e0 venir chanter et danser, et pendant que je sers des parts de pizza \u00e0 cette belle jeunesse, une pens\u00e9e me traverse l&#8217;esprit :<\/p>\n<p>&#8211; Dire que tout ceci ne pourrait exister si les partisans avaient pli\u00e9 face au fascisme&#8230; Si ces hommes et ces femmes ordinaires n&#8217;avaient pas pris les armes pour faire reculer les envahisseurs, mes enfants ne chanteraient pas des chansons par choix, mais par obligation, saluant des dictateurs, g\u00e9n\u00e9ration apr\u00e8s g\u00e9n\u00e9ration&#8230;<\/p>\n<p>Me viennent alors ces paroles :<\/p>\n<blockquote><p>\u00abTu as pris les armes \u00e0 ton tour,<br \/>\nPour qu je puisse chanter un jour&#8230;\u00bb<\/p><\/blockquote>\n<p>Abandonnant la distribution des pizzas \u00e0 Karine, je fonce dans mon bureau pour \u00e9crire la chanson. Les paroles d\u00e9filent devant mes yeux \u00e0 une telle vitesse que j&#8217;ai parfois l&#8217;impression que ce n&#8217;est pas moi qui l&#8217;ai \u00e9crite. Que la chanson \u00e9tait dans l&#8217;air et que j&#8217;en captais les mots pour les retranscrire. Reggiani, Ferrat et m\u00eame Hugo se joignent \u00e0 moi pour me souffler des vers&#8230; Autre ph\u00e9nom\u00e8ne \u00e9trange : j&#8217;entends mon arrangement musical&#8230; Il est d&#8217;une toute autre tendance que ce qui circule sur Youtube&#8230;<\/p>\n<p>J&#8217;imprime la chanson et je la pr\u00e9sente \u00e0 Karine. Elle est \u00e9mue&#8230; C&#8217;est bon signe ! C&#8217;est m\u00eame un feu vert pour moi.<\/p>\n<p>Le lendemain, j&#8217;appelle mon ami Richard Rosefort pour lui demander de me jouer l&#8217;intro au violon. Il m&#8217;envoie un premier jet de toute beaut\u00e9 ! Le hic : on n&#8217;y reconna\u00eet pas la m\u00e9lodie de \u00abBella Ciao\u00bb. Je n&#8217;oublie pas que je m&#8217;adresse au grand public et que celui-ci a besoin de rep\u00e8res rapides, sinon il zappe ! Je d\u00e9cide de garder cet extrait pour en faire un pont musical \u00e0 l&#8217;int\u00e9rieur de la chanson, et je demande \u00e0 Richard de me jouer une intro o\u00f9 on reconna\u00eet \u00abBella Ciao\u00bb d\u00e8s les premi\u00e8res notes.<\/p>\n<p>Parall\u00e8lement, j&#8217;appelle mon arrangeur, Flavio Cipriano. Flavio n&#8217;est pas uniquement un excellent musicien et un technicien du son hors pair. Il a aussi la facult\u00e9 d&#8217;entendre la musique qui raisonne dans ma t\u00eate ! Tr\u00e8s vite, nous r\u00e9alisons un arrangement tr\u00e8s proche de ce qui vibrait en moi. Seules les percussions nous choquent l&#8217;oreille (trop \u00e9lectroniques). Flavio, qui est aussi un percussionniste de g\u00e9nie, emm\u00e8ne notre travail en studio pour y ajouter de la vraie batterie. Lorsqu&#8217;il m&#8217;envoie le r\u00e9sultat, le choc est d&#8217;un tout autre niveau : je suis transcend\u00e9.<\/p>\n<p>J&#8217;\u00e9coute la musique des dizaines de fois en boucle, \u00e0 la maison comme en voiture. Je chante mes paroles en pr\u00e9sence de mes enfants afin que mes filles s&#8217;impr\u00e8gnent de l&#8217;ambiance. J&#8217;en profite pour leur faire un cours d&#8217;histoire \u00e0 ma fa\u00e7on. C&#8217;est-\u00e0-dire avec lyrisme et po\u00e9sie. Elle me posent des questions dont certaines resteront sans r\u00e9ponse&#8230; Ces immersions dans l&#8217;histoire facilitent leur interpr\u00e9tation : une fois devant le micro, elles savent qu&#8217;elles ne posent pas de simples mots sur une musique, mais qu&#8217;elles racontent une historie vraie. Ou plut\u00f4t des milliers d&#8217;histoires vraies&#8230;<\/p>\n<p>Et puis il y a le clip. Gr\u00e2ce au d\u00e9vouement de Christophe Berenger, au regard graphique de Karine et aux id\u00e9es cr\u00e9atives des filles (la cam\u00e9ra qui tourne autour de l&#8217;arbre est une id\u00e9e d&#8217;Elina &#8211; 9 ans -), tout coule de source. Nous avons m\u00eame beaucoup plus d&#8217;images que ce qui est n\u00e9cessaire. Lorsque je termine le montage, elles continuent \u00e0 d\u00e9filer en silence&#8230; Je trouve l&#8217;effet parfaitement adapt\u00e9 \u00e0 l&#8217;hommage. Je garde l&#8217;id\u00e9e en s\u00e9lectionnant quelques rush&#8230;<\/p>\n<p>La chanson est publi\u00e9e le lendemain (samedi 30 juin). Elle affiche 10.000 vues en une matin\u00e9e, puis 30.000 vues de plus dans la journ\u00e9e. C&#8217;est bien parti ! Aujourd&#8217;hui, elle a atteint les 60.000 vues. Mais au-del\u00e0 des vues, ce qui me touche le plus, ce sont les commentaires des personnes qui ont compris toutes mes intentions. Ces petits messages r\u00e9compensent tous les efforts consentis pour que l&#8217;hymne demeure un hymne&#8230;<\/p>\n<p>Je voulais partager \u00e7a avec vous. Mais pour vous en parler ici, sur une page r\u00e9serv\u00e9e au D\u00e9veloppement Personnel, il fallait que je vous raconte l&#8217;histoire.<\/p>\n<p>Oups ! J&#8217;ai failli oublier une derni\u00e8re chose&#8230; Lorsque j&#8217;ai \u00e9crit les paroles, je me suis rendu compte que je m&#8217;adressais \u00e0 la fois aux partisans qu&#8217;aux partisanes&#8230; Chaque auditeur pouvait poser ses propres images sur l&#8217;histoire. Puis est arriv\u00e9 le moment o\u00f9 L\u00e9vanah devait chanter en italien&#8230; C&#8217;est \u00e0 ce moment que j&#8217;ai fait un choix : rendre hommage aux 16% de femmes qui constituaient la r\u00e9sistance lors de la deuxi\u00e8me guerre mondiale, tous pays confondus. J&#8217;ai donc chang\u00e9 \u00abdel partigiano\u00bb en \u00abdella partigiana\u00bb. Je pense qu&#8217;aucun partisan ne m&#8217;en voudra d&#8217;avoir choisi sa s\u0153ur pour symboliser \u00abl&#8217;ardeur fragile\u00bb&#8230;<\/p>\n<p>En ce jour o\u00f9 Simone Veil entre au Panth\u00e9on, je lui d\u00e9die cette chanson, avec tout mon Respect et un profonde Admiration.<\/p>\n<p>Belle \u00e9coute \u00e0 toutes et \u00e0 tous,<\/p>\n<p>St\u00e9phane SOLOMON<\/p>\n<!--themify_builder_content-->\n<div id=\"themify_builder_content-3519\" data-postid=\"3519\" class=\"themify_builder_content themify_builder_content-3519 themify_builder tf_clear\">\n    <\/div>\n<!--\/themify_builder_content-->\n","protected":false},"excerpt":{"rendered":"<p>https:\/\/www.youtube.com\/watch?v=Sj_ujhEQy4E En d\u00e9couvrant \u00abBella ciao\u00bb dans \u00abLa casa de papel\u00bb (une s\u00e9rie espagnole diffus\u00e9e entre autres sur Netflix), je trouve l&#8217;hymne po\u00e9tique et puissant. Un grand moment partag\u00e9 entre les deux fr\u00e8res&#8230; Ca me marque, mais je ne devine pas encore que je vis les pr\u00e9mices de quelque chose d&#8217;\u00e9norme&#8230; Quelques jours plus tard, ma [&hellip;]<\/p>\n","protected":false},"author":1,"featured_media":0,"comment_status":"open","ping_status":"open","sticky":false,"template":"","format":"standard","meta":{"jetpack_publicize_message":"","jetpack_is_tweetstorm":false,"jetpack_publicize_feature_enabled":true,"jetpack_social_options":[]},"categories":[1],"tags":[],"jetpack_publicize_connections":[],"jetpack_featured_media_url":"","builder_content":"","_links":{"self":[{"href":"https:\/\/auto-coaching.fr\/index.php\/wp-json\/wp\/v2\/posts\/3519"}],"collection":[{"href":"https:\/\/auto-coaching.fr\/index.php\/wp-json\/wp\/v2\/posts"}],"about":[{"href":"https:\/\/auto-coaching.fr\/index.php\/wp-json\/wp\/v2\/types\/post"}],"author":[{"embeddable":true,"href":"https:\/\/auto-coaching.fr\/index.php\/wp-json\/wp\/v2\/users\/1"}],"replies":[{"embeddable":true,"href":"https:\/\/auto-coaching.fr\/index.php\/wp-json\/wp\/v2\/comments?post=3519"}],"version-history":[{"count":2,"href":"https:\/\/auto-coaching.fr\/index.php\/wp-json\/wp\/v2\/posts\/3519\/revisions"}],"predecessor-version":[{"id":3522,"href":"https:\/\/auto-coaching.fr\/index.php\/wp-json\/wp\/v2\/posts\/3519\/revisions\/3522"}],"wp:attachment":[{"href":"https:\/\/auto-coaching.fr\/index.php\/wp-json\/wp\/v2\/media?parent=3519"}],"wp:term":[{"taxonomy":"category","embeddable":true,"href":"https:\/\/auto-coaching.fr\/index.php\/wp-json\/wp\/v2\/categories?post=3519"},{"taxonomy":"post_tag","embeddable":true,"href":"https:\/\/auto-coaching.fr\/index.php\/wp-json\/wp\/v2\/tags?post=3519"}],"curies":[{"name":"wp","href":"https:\/\/api.w.org\/{rel}","templated":true}]}}