{"id":3547,"date":"2018-07-08T23:05:36","date_gmt":"2018-07-08T22:05:36","guid":{"rendered":"http:\/\/www.auto-coaching.fr\/?p=3547"},"modified":"2018-07-08T23:08:21","modified_gmt":"2018-07-08T22:08:21","slug":"une-question-de-legitimite","status":"publish","type":"post","link":"https:\/\/auto-coaching.fr\/index.php\/une-question-de-legitimite\/","title":{"rendered":"Une question de L\u00e9gitimit\u00e9"},"content":{"rendered":"<p>J\u00e9r\u00e9my (un lecteur de longue date) m\u2019envoie cette question, que je trouve tr\u00e8s int\u00e9ressante\u00a0:<\/p>\n<div class=\"dialogue\">St\u00e9phane [&#8230;] je vous lis maintenant depuis presque 8 ans, et j\u2019ai souvent adh\u00e9r\u00e9 \u00e0 vos programmes payants. Depuis quelques jours, vous faites la promotion du R\u00eave Eveill\u00e9, et j\u2019ai \u00e9t\u00e9 \u00e9tonn\u00e9 de lire que vous pratiquez cette technique depuis plusieurs d\u00e9cennies, car je n\u2019en ai jamais entendu parler de votre bouche. Vous avez d\u00e9j\u00e0 \u00e9voqu\u00e9 l\u2019hypnose, la PNL, la suggestop\u00e9die, l\u2019Analyse Transactionnelle, mais ce qui semble \u00eatre la panac\u00e9e (c\u2019est en tout cas ainsi que vous le pr\u00e9sentez) n\u2019a jamais \u00e9t\u00e9 mis en avant, ni m\u00eame pr\u00e9sent\u00e9 (m\u00eame succinctement) depuis que je vous connais. Il y a quelque chose qui m\u2019intrigue dans cet int\u00e9r\u00eat soudain [&#8230;]<\/div>\n<h2>Ma r\u00e9ponse\u00a0:<\/h2>\n<p>J\u00e9r\u00e9my, vous avez raison\u00a0! Je viens de faire le tour des articles o\u00f9 il est question de R\u00eave Eveill\u00e9 et je n\u2019en trouve que 2\u00a0sur plus de 400 que je vous ai envoy\u00e9s depuis que nous nous connaissons. Je ne tiens pas compte de la promo de l\u2019atelier de septembre-octobre 2017, car l\u00e0 encore il s\u2019agit de quelque chose de r\u00e9cent (mais apparemment, vous ne l\u2019avez pas vu passer).<\/p>\n<p>Il y a quelque chose \u00e0 \u00e9claircir, et je n\u2019aurais pas mis le doigt dessus si vous ne m\u2019en aviez pas parl\u00e9. Donc merci pour ce coaching\u00a0!<\/p>\n<h2>Une question de moyens techniques<\/h2>\n<p>La technique du R\u00eave Eveill\u00e9e ne peut \u00eatre assimil\u00e9e que gr\u00e2ce \u00e0 l\u2019audio ou \u00e0 la vid\u00e9o. M\u00eame lorsque je l\u2019ai apprise (au d\u00e9but des ann\u00e9es 90), c\u2019\u00e9tait sur cassette.<\/p>\n<p>Ma Communication en ligne a commenc\u00e9 par l&#8217;\u00e9crit en 2008 (newsletter, puis blog), mais je ne me suis lanc\u00e9 dans l\u2019audio et la vid\u00e9o qu\u2019en 2013 (timidement et progressivement), pour en faire un pratique courante \u00e0 partir de 2015. Je ne me voyais pas commencer par le R\u00eave Eveill\u00e9 car il y avait beaucoup d\u2019autres attentes plus l\u00e9gitimes pour des personnes qui se sont inscrite \u00e0 un programme sur la Gestion du Temps.<\/p>\n<p>Voil\u00e0 qui nous ram\u00e8ne vers le deuxi\u00e8me point\u00a0:<\/p>\n<h2>Une question de l\u00e9gitimit\u00e9<\/h2>\n<p>Je pratique le R\u00eave Eveill\u00e9 depuis le d\u00e9but des ann\u00e9es 90, et j\u2019enseigne la technique dans mes formations en pr\u00e9sentiel depuis au moins 10 ans. Idem en ce qui concerne mon activit\u00e9 de coaching en face \u00e0 face, \u00e7a n\u2019a jamais \u00e9t\u00e9 un probl\u00e8me\u00a0: je propose la technique \u00e0 mes clients, et s\u2019ils disent oui, nous nous offrons quelques s\u00e9ances cr\u00e9atrices et r\u00e9v\u00e9latrices.<\/p>\n<p>Cependant, je me rends compte gr\u00e2ce \u00e0 votre courrier que je ne le proposais pas \u00e0 tout le monde. Il y avait des clients qui me paraissaient trop \u00abterre \u00e0 terre\u00bb pour que j\u2019ose m\u2019aventurer sur un terrain qui aurait pu \u00eatre assimil\u00e9 \u00e0 de l\u2019\u00e9sot\u00e9risme. Le \u00abMyst\u00e8re\u00bb ne me fait pas peur personnellement, donc j\u2019ose beaucoup de choses pour moi. Mais en ce qui concerne mes clients, je constate que j\u2019avais quelques r\u00e9serves selon le type de personnalit\u00e9.<\/p>\n<p>Je ne sais pas \u00e0 qui j\u2019ai \u00e0 faire lorsque je m\u2019adresse \u00e0 une foule (il y a encore 6 semaines je m\u2019adressais \u00e0 3.200 lecteurs de cette newsletter + 3.600 sur Facebook). Etre qualifi\u00e9 de \u00abmystique\u00bb \u00e0 cause d&#8217;une proposition comme le R\u00eave Eveill\u00e9, c\u2019\u00e9tait d\u00e9licat&#8230; J\u2019avais certainement peur de perdre des lecteurs.<\/p>\n<p><strong>2 choses m\u2019ont d\u00e9bloqu\u00e9\u00a0:<\/strong> depuis l\u2019ann\u00e9e derni\u00e8re, je me suis inscrit \u00e0 diff\u00e9rentes formations orient\u00e9es neurosciences. Je fr\u00e9quente donc des scientifiques\u00a0: il peut s\u2019agir de mes enseignants, d\u2019intervenants exceptionnels, d\u2019autres \u00e9l\u00e8ves, ainsi que des personnalit\u00e9s rencontr\u00e9es dans des salons r\u00e9serv\u00e9es \u00e0 cette science. Ils sont tous unanimes\u00a0: le R\u00eave Eveill\u00e9 (entre autres techniques de visualisation) est une pratique pragmatique dont les effets sont d\u00e9sormais observable (\u00e0 l\u2019IRMf) et le recul que nous avons sur les personnes qui pratiquent cette technique nous permet de mener des \u00e9tudes qui d\u00e9montrent \u00e0 quel point (au-del\u00e0 des bienfaits instantan\u00e9s) l\u2019effet est b\u00e9n\u00e9fique sur le moyen et le long terme. C\u2019est scientifique\u00a0: mesurable, observable, analysable, exp\u00e9rimentable, et j\u2019en passe&#8230;<\/p>\n<p>J\u2019en viens \u00e0 avoir honte de prendre des gants pour \u00e9voquer le sujet dans un milieu scientifique.<\/p>\n<p>Les preuves que cette technique fonctionne que ce soit dans un cadre th\u00e9rapeutique ou dans une qu\u00eate de performance sont d\u00e9sormais av\u00e9r\u00e9es. Ces r\u00e9v\u00e9lations r\u00e9centes m\u2019aident \u00e0 sortir de ma carapace : bien-s\u00fbr que je peux en parler publiquement \u00e0 une foule h\u00e9t\u00e9roclite\u00a0: ce qui est absurde aujourd&#8217;hui, c&#8217;est de ne pas en parler ! C&#8217;est comme si je m&#8217;interdisais de dire que la terre est ronde&#8230; Nous ne sommes plus en 1611 !<\/p>\n<p>La deuxi\u00e8me chose qui m\u2019a d\u00e9bloqu\u00e9 est le RGPD\u00a0! Cette loi qui m\u2019a permis d\u2019all\u00e9ger mon fichier de plus de 2.500 lecteurs&#8230; L\u2019id\u00e9e d\u2019en perdre encore une centaine ne m\u2019effraie pas, en particulier s\u2019il s\u2019agit de personnes psychorigides. Car mes probl\u00e8mes li\u00e9s \u00e0 la l\u00e9gitimit\u00e9 ne sont pas chroniques. Je ne me sens pas syst\u00e9matiquement et r\u00e9guli\u00e8rement ill\u00e9gitime, mais je me pose la question (comme tout le monde) en fonction du public auquel je m\u2019adresse. Je sais que maintenant (suite au consentement que vous m\u2019avez donn\u00e9 il y a 6 semaines), je peux vous parler de TOUT SUJET li\u00e9 au D\u00e9veloppement Personnel. Chose qui n\u2019\u00e9tait pas claire avant le RGPD, puisque les attentes \u00e9tait diverses (avec 80% d\u2019inscriptions \u00e0 un programme sur la Gestion du Temps).<\/p>\n<p>Mais je vais quand-m\u00eame faire un lien pour les plus r\u00e9sistants de mes lecteurs :<\/p>\n<ul>\n<li>La gestion du temps ne se limite pas \u00e0 bien planifier, \u00e0 dresser une todo-liste efficace ou \u00e0 savoir cr\u00e9er un tableau \u00e0 double entr\u00e9e pour prendre une d\u00e9cision pragmatique&#8230; La psychologie tient une grande place dans l\u2019art de savoir g\u00e9rer son temps, notamment en ce qui concerne la procrastination. Progresser psychologiquement dans ce domaine, c\u2019est savoir <strong>adopter la bonne attitude<\/strong>. La premi\u00e8re est d\u2019appr\u00e9cier l\u2019id\u00e9e que des pauses bien g\u00e9r\u00e9es peuvent vous permettre de gagner des heures de travail par jour\u00a0! Or qu\u2019est-ce qu\u2019un R\u00eave Eveill\u00e9 sinon une pause bien g\u00e9r\u00e9e ?<\/li>\n<li>Par ailleurs, il est inutile de vouloir gagner du temps si c\u2019est pour vivre des d\u00e9cennies avec de mauvais sentiments et des constats d\u2019\u00e9chec. Personne ne prolonge sa vie pour vivre malheureux. Le R\u00eave Eveill\u00e9 vous permet d\u2019adopter la bonne posture face \u00e0 l\u2019avenir\u00a0: davantage de Confiance en ce qui concerne vos projets, car vous prenez rendez-vous avec le succ\u00e8s que vous visualisez de fa\u00e7on claire et d\u00e9taill\u00e9e. Je dirais m\u00eame sublim\u00e9e.<\/li>\n<\/ul>\n<p>La remarque de J\u00e9r\u00e9my m\u2019a permis de comprendre que j\u2019\u00e9tais sous r\u00e9serve en \u00e9voquant le R\u00eave Eveill\u00e9 jusqu\u2019\u00e0 r\u00e9cemment. Je ne m\u2019autorisais pas \u00e0 en parler de fa\u00e7on d\u00e9complex\u00e9e. Mais c\u2019est d\u00e9sormais une l\u00e9gitimit\u00e9 acquise, et je tiens \u00e0 parier que suite \u00e0 ce courrier, ce sera encore plus facile pour moi.<\/p>\n<p>Gageons que cette communication ait eu \u00e9galement un effet sur vous. Si c\u2019est le cas, et vous h\u00e9sitiez jusqu\u2019\u00e0 pr\u00e9sent \u00e0 cause du sentiment de r\u00e9serve <em>\u00abje suis trop terre \u00e0 terre pour \u00e7a&#8230;\u00bb<\/em>, je vous propose de revoir votre position, et de nous rejoindre :<\/p>\n<p>Vous pouvez d\u00e9couvrir le replay \u00e0 partir d\u2019aujourd\u2019hui et pratiquer les exercices (quelques minutes par jour), afin de participer \u00e0 l&#8217;atelier de jeudi.<\/p>\n<p style=\"text-align: center;\"><a class=\"buttonize blue\" href=\"https:\/\/www.weezevent.com\/-1609\">Inscrivez-vous\u00a0au Replay et au prochain atelier<\/a><\/p>\n<p>A++<\/p>\n<p>St\u00e9phane SOLOMON<\/p>\n<p>PS : Si vous \u00eates d\u00e9j\u00e0 inscrit(e), l&#8217;envoi de ce courrier n&#8217;est pas une \u00aberreur\u00bb. Il contient bien plus d&#8217;\u00e9l\u00e9ments pertinents que la proposition d\u2019inscription finale (notamment sur la l\u00e9gitimit\u00e9) et rentre dans le cadre de la Newsletter gratuite.<\/p>\n<!--themify_builder_content-->\n<div id=\"themify_builder_content-3547\" data-postid=\"3547\" class=\"themify_builder_content themify_builder_content-3547 themify_builder tf_clear\">\n    <\/div>\n<!--\/themify_builder_content-->\n","protected":false},"excerpt":{"rendered":"<p>J\u00e9r\u00e9my (un lecteur de longue date) m\u2019envoie cette question, que je trouve tr\u00e8s int\u00e9ressante\u00a0: St\u00e9phane [&#8230;] je vous lis maintenant depuis presque 8 ans, et j\u2019ai souvent adh\u00e9r\u00e9 \u00e0 vos programmes payants. Depuis quelques jours, vous faites la promotion du R\u00eave Eveill\u00e9, et j\u2019ai \u00e9t\u00e9 \u00e9tonn\u00e9 de lire que vous pratiquez cette technique depuis plusieurs [&hellip;]<\/p>\n","protected":false},"author":1,"featured_media":0,"comment_status":"open","ping_status":"open","sticky":false,"template":"","format":"standard","meta":{"jetpack_publicize_message":"","jetpack_is_tweetstorm":false,"jetpack_publicize_feature_enabled":true,"jetpack_social_options":[]},"categories":[1],"tags":[],"jetpack_publicize_connections":[],"jetpack_featured_media_url":"","builder_content":"","_links":{"self":[{"href":"https:\/\/auto-coaching.fr\/index.php\/wp-json\/wp\/v2\/posts\/3547"}],"collection":[{"href":"https:\/\/auto-coaching.fr\/index.php\/wp-json\/wp\/v2\/posts"}],"about":[{"href":"https:\/\/auto-coaching.fr\/index.php\/wp-json\/wp\/v2\/types\/post"}],"author":[{"embeddable":true,"href":"https:\/\/auto-coaching.fr\/index.php\/wp-json\/wp\/v2\/users\/1"}],"replies":[{"embeddable":true,"href":"https:\/\/auto-coaching.fr\/index.php\/wp-json\/wp\/v2\/comments?post=3547"}],"version-history":[{"count":2,"href":"https:\/\/auto-coaching.fr\/index.php\/wp-json\/wp\/v2\/posts\/3547\/revisions"}],"predecessor-version":[{"id":3550,"href":"https:\/\/auto-coaching.fr\/index.php\/wp-json\/wp\/v2\/posts\/3547\/revisions\/3550"}],"wp:attachment":[{"href":"https:\/\/auto-coaching.fr\/index.php\/wp-json\/wp\/v2\/media?parent=3547"}],"wp:term":[{"taxonomy":"category","embeddable":true,"href":"https:\/\/auto-coaching.fr\/index.php\/wp-json\/wp\/v2\/categories?post=3547"},{"taxonomy":"post_tag","embeddable":true,"href":"https:\/\/auto-coaching.fr\/index.php\/wp-json\/wp\/v2\/tags?post=3547"}],"curies":[{"name":"wp","href":"https:\/\/api.w.org\/{rel}","templated":true}]}}