{"id":4216,"date":"2019-02-12T16:52:17","date_gmt":"2019-02-12T15:52:17","guid":{"rendered":"http:\/\/www.auto-coaching.fr\/?p=4216"},"modified":"2019-04-02T22:44:56","modified_gmt":"2019-04-02T20:44:56","slug":"la-legitimite-d-agir","status":"publish","type":"post","link":"https:\/\/auto-coaching.fr\/index.php\/la-legitimite-d-agir\/","title":{"rendered":"Une question de L\u00e9gitimit\u00e9"},"content":{"rendered":"<p>J\u2019ai d\u00e9but\u00e9 dans la vie active en tant que formateur en informatique. J\u2019ai choisi le statut de vacataire salari\u00e9, ce qui m\u2019a permis de travailler \u00e0 mon rythme et de me former en parall\u00e8le. Je connaissais plus de 30 logiciels, ce qui \u00e9tait extr\u00eamement rare. Apr\u00e8s 2 ann\u00e9es de vacation, j\u2019ai accept\u00e9 une proposition d\u2019embauche : c\u2019\u00e9tait une soci\u00e9t\u00e9 naissante qui pouvait enfin s\u2019offrir le luxe d\u2019un premier formateur \u00e0 temps plein.<\/p>\n\n\n\n<p>En moins d\u2019un an, la soci\u00e9t\u00e9 s\u2019est beaucoup d\u00e9velopp\u00e9e, notamment gr\u00e2ce \u00e0 des contrats avec de grands groupes et des minist\u00e8res. La strat\u00e9gie \u00e9tait simple&nbsp;:<\/p>\n\n\n\n<ol><li>Les deux commerciaux de choc faisaient leur travail de s\u00e9duction<\/li><li>J\u2019animais la formation-t\u00e9moin pour d\u00e9montrer notre savoir-faire<\/li><li>Le contrat \u00e9tait sign\u00e9<\/li><li>Je briefais des formateurs vacataires pour qu\u2019ils prennent le relais<\/li><\/ol>\n\n\n\n<p>J\u2019\u00e9tais celui qui lan\u00e7ait la machine&nbsp;! C\u2019\u00e9tait tr\u00e8s valorisant&#8230;<\/p>\n\n\n\n<p>Face \u00e0 un carnet de commandes impressionnant, mon patron a d\u00e9cid\u00e9 d\u2019agrandir l\u2019\u00e9quipe de formation en s\u00e9lectionnant les candidats parmi les vacataires. A l\u2019\u00e9poque, il y avait dans la profession 80% de femmes, je me suis donc retrouv\u00e9 entour\u00e9 de 8 formatrices. Mon patron m\u2019a dit que j\u2019\u00e9tais d\u00e9sormais le&nbsp;<strong>\u00abResponsable de Formation\u00bb<\/strong>&nbsp;et qu\u2019il m\u2019appartenait de g\u00e9rer la r\u00e9partition du travail, les formations internes, la logistique pr\u00e9 et post animation, etc. Il m\u2019a augment\u00e9 de 2.000 Francs, ce qui pour lui, symbolisait ma prise de fonction. Mais il n\u2019a pas annonc\u00e9 officiellement \u00e0 toute l\u2019\u00e9quipe que c\u2019\u00e9tait \u00e0 moi qu\u2019il d\u00e9l\u00e9guait la Responsabilit\u00e9 du Service Formation&#8230;<\/p>\n\n\n\n<h2>Formateur hyperactif\u2026<\/h2>\n\n\n\n<p>En tant que formateur et que coll\u00e8gue partageur de ses connaissances et de ses outils, j\u2019\u00e9tais tr\u00e8s appr\u00e9ci\u00e9. Mais lorsque j\u2019essayais d\u2019assurer la Responsabilit\u00e9 qui m\u2019a \u00e9t\u00e9 confi\u00e9e, je me confrontais \u00e0 de nombreux blocages, parmi lesquels un certain sexisme revanchard&nbsp;:<\/p>\n\n\n\n<p><em>&#8211; Ce n\u2019est pas parce que tu es le seul homme de l\u2019\u00e9quipe que tu peux t\u2019autoproclamer Responsable de Formation&nbsp;!<\/em><\/p>\n\n\n\n<p>Ce n\u2019\u00e9tait pas le seul argument qui me blessait&#8230; Marceline, une formatrice de 50 ans, a dit un jour \u00e0 ses cons\u0153urs qu\u2019\u00e0 son \u00e2ge, elle n\u2019avait aucun ordre \u00e0 recevoir d\u2019un gamin de 21 ans ! Elle s\u2019amusait parfois \u00e0 me provoquer, lorsque je lui demandais une chose simple (comme installer le logiciel pour sa formation du lendemain ou photocopier ses supports de cours)&nbsp;:<\/p>\n\n\n\n<p><em>&#8211; C\u2019est un ordre, ou tu me demandes de te rendre service&nbsp;?<\/em><\/p>\n\n\n\n<p>J\u2019ai fini par ne plus rien lui demander&#8230; Heureusement pour moi, 2 formatrices, B\u00e9atrice et Marie-Paule, ont accept\u00e9 de cr\u00e9er une petite \u00e9quipe soud\u00e9e et pr\u00eate \u00e0 \u00e9voluer. Je leur ai appris \u00e0 s&#8217;investir dans de nouveaux espaces (Marie-Paule avait une phobie des tableurs et B\u00e9atrice ne savait pas qu\u2019elle \u00e9tait capable d\u2019animer des formations de perfectionnement). Tr\u00e8s vite, l\u2019\u00e9cart s\u2019est creus\u00e9 avec le reste de l\u2019\u00e9quipe&nbsp;: mes acolytes pouvaient accepter courageusement des missions que les autres observaient avec prudence. Je me souviens qu\u2019une fois, Marie-Paule a accept\u00e9 une formation sur un logiciel qu\u2019elle ne connaissait pas encore. L\u2019une des formatrices lui en a fait la remarque et elle lui a r\u00e9pondu&nbsp;:<\/p>\n\n\n\n<p>&#8211; St\u00e9phane me l\u2019apprendra&nbsp;! J\u2019ai Confiance&nbsp;!<br \/>&#8211; Mais c\u2019est la semaine prochaine&nbsp;!&nbsp;<br \/>&#8211; Chouette&nbsp;! \u00c7a nous laisse le temps de papoter&#8230;<\/p>\n\n\n\n<p>Un soir, il a fallu pr\u00e9parer les 8 salles&nbsp;: nous attendions 40 stagiaires le lendemain&#8230; Marie-Paule et B\u00e9atrice \u00e9taient en mission \u00e0 l\u2019ext\u00e9rieur. Je m\u2019en suis donc occup\u00e9 seul jusqu\u2019\u00e0 3 heures du matin (l\u2019installation d\u2019un logiciel n\u00e9cessitait 5 \u00e0 10 minutes de pr\u00e9sence devant chaque machine). En me voyant couch\u00e9 sur la moquette \u00e0 son arriv\u00e9e, le patron m\u2019a augment\u00e9 de 2.000 Francs&#8230; Je lui ai dit que \u00e7a n\u2019allait pas arranger les choses et qu\u2019il fallait officialiser ma fonction. Pour me rassurer, il a demand\u00e9 \u00e0 la comptable d\u2019\u00e9crire sur ma fiche de paye \u00abResponsable de Formation\u00bb au lieu de \u00abFormateur\u00bb. J\u2019\u00e9tais donc Responsable de Formation aux yeux de la comptable, mais aux yeux de l\u2019\u00e9quipe r\u00e9ellement concern\u00e9e, je n\u2019\u00e9tais qu\u2019un Formateur Hyperactif&#8230;<\/p>\n\n\n\n<h2>Burnout&nbsp;?<\/h2>\n\n\n\n<p>En 2 ans, \u00e0 force de me faire augmenter de 2.000 Francs \u00e0 chaque incident, j\u2019ai fini par doubler mon salaire. Toutefois je ne me sentais pas \u00e0 ma place. J&#8217;\u00e9tais donc malheureux, et souvent seul&#8230; Un jour, j\u2019ai propos\u00e9 \u00e0 toute l\u2019entreprise une r\u00e9union sur la Veille Informatique et la r\u00e9volution que le monde de la Formation allait vivre. Apr\u00e8s une \u00abbrillante d\u00e9monstration\u00bb (sauf pour Marceline qui regardait sa montre), j\u2019ai annonc\u00e9 \u00e0 ce beau monde que ma r\u00e9union \u00e9tait mon cadeau d\u2019adieu, car ils allaient vivre cet avenir sans moi&#8230; Puis j\u2019ai donn\u00e9 ma lettre de d\u00e9mission.<\/p>\n\n\n\n<p>\u00c0 l\u2019\u00e9poque, on ne parlait pas encore de Burnout, mais je pense que j\u2019\u00e9tais en plein dedans, ou en tout cas, pas tr\u00e8s loin&nbsp;: toutes les valeurs de l\u2019entreprise que je faisais miennes s\u2019\u00e9taient \u00e9croul\u00e9es, et dans les semaines qui ont suivi ma d\u00e9mission, une \u00e9norme fatigue m\u2019a envahi. J\u2019ai peu de souvenirs de cette p\u00e9riode o\u00f9 j&#8217;\u00e9tais an\u00e9mi\u00e9&#8230;<\/p>\n\n\n\n<p>L\u2019histoire est triste, mais de meilleurs jours m\u2019attendaient&nbsp;: 2 \u00e0 3 mois plus tard, je me suis install\u00e9 en Profession Lib\u00e9rale et apr\u00e8s des d\u00e9buts balbutiants, j\u2019ai retrouv\u00e9 mon niveau de vie en 6 mois. D\u2019ailleurs, une fois que mon ex-patron a dig\u00e9r\u00e9 mon d\u00e9part, il est devenu l\u2019un de mes meilleurs clients. Ce fut un v\u00e9ritable plaisir de retourner dans cette boite pour y animer mes formations de 9h00 \u00e0 16h30, et surtout de me faire servir caf\u00e9 et biscuits par Marceline pendant mes pauses. Une vraie maman cette Marceline&#8230;<\/p>\n\n\n\n<p>Mais le meilleur que j\u2019ai pu tirer de cette exp\u00e9rience est dans le b\u00e9n\u00e9fice secondaire&nbsp;: dans ma carri\u00e8re j\u2019ai \u00e9t\u00e9 Directeur Technique et Chef de Projet dans bien des organisations, y compris dans de tr\u00e8s grosses entreprises. Et \u00e0 chaque fois que je rejoignais une \u00e9quipe dont les membres se querellaient, je savais que la solution \u00e9tait de&nbsp;<strong>l\u00e9gitimer officiellement la fonction d\u2019un ou plusieurs membres<\/strong>. En le faisant, de v\u00e9ritables miracles s\u2019accomplissaient&nbsp;!<\/p>\n\n\n\n<h2>Revenons \u00e0 nous<\/h2>\n\n\n\n<p>Dans mon article du 25 janvier, (intitul\u00e9 \u00ab<a href=\"http:\/\/www.auto-coaching.fr\/index.php\/bienvenue-a-isabelle\/\">Bienvenue \u00e0 Isabelle<\/a>\u00bb), je vous pr\u00e9sente Isabelle comme coach et l\u00e9gitime co-autrice de ce site. Et puisque nous \u00e9tions dans&nbsp;<strong>le mois de la Communication<\/strong>, je vous proposais de lui&nbsp;<strong>souhaiter la bienvenue<\/strong>&nbsp;(avec des mots). Je f\u00e9licite les 3 commentateurs qui ont salu\u00e9 son arriv\u00e9e&nbsp;: An, Fr\u00e9d\u00e9ric V et Lise. Et c&#8217;est tout&#8230;<\/p>\n\n\n\n<p>Si j&#8217;ai la conviction qu&#8217;\u00e0 leurs yeux Isabelle est l\u00e9gitime, je m&#8217;interroge sur le silence des autres lecteurs de cet article. Je vous invite \u00e0 vous interroger sur ce mutisme dans un moment aussi important volontairement marqu\u00e9. \u00c9pargnons-nous les excuses : nous sommes dans un cadre d\u2019Auto-Coaching, pas d\u2019auto-flagellation. Le but est de vous amener \u00e0 prendre Conscience de l\u2019importance de la L\u00e9gitimit\u00e9 dans votre propre contexte personnel et professionnel&nbsp;:<\/p>\n\n\n\n<ul><li>Se pourrait-il que vous ne trouviez pas de mots simples pour saluer une prise de fonction&nbsp;?<\/li><li>Se pourrait-il que vous n\u2019ayez pas Conscience de l\u2019importance de la L\u00e9gitimit\u00e9, \u00e0 tel point que cette d\u00e9marche vous soit apparue comme une simple information, sans attente de retour&nbsp;?<\/li><li>Se pourrait-il que vous ne vous sentiez pas suffisamment \u00e0 votre place dans votre environnement, et que cet article d\u00e9di\u00e9 \u00e0 la L\u00e9gitimit\u00e9 vous ait laiss\u00e9 un sentiment d\u2019injustice&nbsp;?&#8230; C\u2019est en tout cas, ce que j\u2019aurais ressenti pendant la p\u00e9riode o\u00f9 j\u2019\u00e9puisais ma sant\u00e9 pour tenter seul, de l\u00e9gitimer ma place.<\/li><\/ul>\n\n\n\n<p>Quelle que soit votre raison, nous avons du travail \u00e0 faire l\u00e0-dessus. C\u2019est avec plaisir et d\u00e9vouement que je vous proposerai, comme \u00e0 mon habitude, des \u00e9l\u00e9ments de r\u00e9flexion pour que vous puissiez trouver votre place et reconna\u00eetre avec simplicit\u00e9 celle des autres.<\/p>\n\n\n\n<h2>Derni\u00e8re minute<\/h2>\n\n\n\n<p>Apr\u00e8s avoir termin\u00e9 l\u2019article que vous \u00eates en train de lire, je suis all\u00e9 jeter un coup d\u2019\u0153il sur les commentaires qui suivent&nbsp;<strong><a href=\"http:\/\/www.auto-coaching.fr\/index.php\/chaque-chose-a-sa-place\/\">le premier article d\u2019Isabelle<\/a><\/strong>, et l\u00e0, j\u2019ai \u00e9t\u00e9 tr\u00e8s agr\u00e9ablement surpris, tant par la qualit\u00e9 que par la quantit\u00e9 des commentaires. C\u2019est comme si&nbsp;<strong>l\u2019action concr\u00e8te<\/strong>&nbsp;d\u2019Isabelle l\u2019a enfin rendue l\u00e9gitime au point de lib\u00e9rer la parole. Ce serait donc une l\u00e9gitimit\u00e9 \u00e0 la \u00abSaint Thomas\u00bb&nbsp;: vous attendez de voir avant de croire, ou plut\u00f4t, de voir agir avant d\u2019agir \u00e0 votre tour.<\/p>\n\n\n\n<p>Cependant, souvenons-nous qu\u2019il y a 30 ans, j\u2019avais beau agir, j\u2019\u00e9tais toujours un imposteur aux yeux de l\u2019essentiel de l\u2019\u00e9quipe&#8230; Ce qui signifie qu\u2019il est important de faire les deux&nbsp;:<\/p>\n\n\n\n<blockquote class=\"wp-block-quote\"><p>Annoncer puis Agir dans la foul\u00e9e&nbsp;!<\/p><\/blockquote>\n\n\n\n<p>Enfin il y a un autre cas qui pourrait justifier le silence face \u00e0 une action qui vise \u00e0 donner de la L\u00e9gitimit\u00e9. C\u2019est un cas particulier, et il est tellement essentiel pour la qualit\u00e9 de notre relation avec nos lecteurs, qu\u2019il est pr\u00e9f\u00e9rable que j\u2019en fasse tout un article (en prenant des pincettes).<\/p>\n\n\n\n<p>Si vous voulez anticiper, il y a quelques pistes dans mon histoire ci-dessus. De quoi pourrait-il s\u2019agir&nbsp;? Les pronostics sont lanc\u00e9s.<\/p>\n\n\n\n<p>A vos claviers&nbsp;!<\/p>\n\n\n\n<p><strong>St\u00e9phane SOLOMON<\/strong><\/p>\n\n<!--themify_builder_content-->\n<div id=\"themify_builder_content-4216\" data-postid=\"4216\" class=\"themify_builder_content themify_builder_content-4216 themify_builder tf_clear\">\n    <\/div>\n<!--\/themify_builder_content-->","protected":false},"excerpt":{"rendered":"<p>J\u2019ai d\u00e9but\u00e9 dans la vie active en tant que formateur en informatique. J\u2019ai choisi le statut de vacataire salari\u00e9, ce qui m\u2019a permis de travailler \u00e0 mon rythme et de me former en parall\u00e8le. Je connaissais plus de 30 logiciels, ce qui \u00e9tait extr\u00eamement rare. Apr\u00e8s 2 ann\u00e9es de vacation, j\u2019ai accept\u00e9 une proposition d\u2019embauche [&hellip;]<\/p>\n","protected":false},"author":1,"featured_media":0,"comment_status":"open","ping_status":"open","sticky":false,"template":"","format":"standard","meta":{"jetpack_publicize_message":"","jetpack_is_tweetstorm":false,"jetpack_publicize_feature_enabled":true,"jetpack_social_options":[]},"categories":[1],"tags":[],"jetpack_publicize_connections":[],"jetpack_featured_media_url":"","builder_content":"","_links":{"self":[{"href":"https:\/\/auto-coaching.fr\/index.php\/wp-json\/wp\/v2\/posts\/4216"}],"collection":[{"href":"https:\/\/auto-coaching.fr\/index.php\/wp-json\/wp\/v2\/posts"}],"about":[{"href":"https:\/\/auto-coaching.fr\/index.php\/wp-json\/wp\/v2\/types\/post"}],"author":[{"embeddable":true,"href":"https:\/\/auto-coaching.fr\/index.php\/wp-json\/wp\/v2\/users\/1"}],"replies":[{"embeddable":true,"href":"https:\/\/auto-coaching.fr\/index.php\/wp-json\/wp\/v2\/comments?post=4216"}],"version-history":[{"count":16,"href":"https:\/\/auto-coaching.fr\/index.php\/wp-json\/wp\/v2\/posts\/4216\/revisions"}],"predecessor-version":[{"id":4650,"href":"https:\/\/auto-coaching.fr\/index.php\/wp-json\/wp\/v2\/posts\/4216\/revisions\/4650"}],"wp:attachment":[{"href":"https:\/\/auto-coaching.fr\/index.php\/wp-json\/wp\/v2\/media?parent=4216"}],"wp:term":[{"taxonomy":"category","embeddable":true,"href":"https:\/\/auto-coaching.fr\/index.php\/wp-json\/wp\/v2\/categories?post=4216"},{"taxonomy":"post_tag","embeddable":true,"href":"https:\/\/auto-coaching.fr\/index.php\/wp-json\/wp\/v2\/tags?post=4216"}],"curies":[{"name":"wp","href":"https:\/\/api.w.org\/{rel}","templated":true}]}}